{"id":13745,"date":"2020-06-03T15:52:51","date_gmt":"2020-06-03T15:52:51","guid":{"rendered":"https:\/\/thermacote.eu\/cual-es-la-forma-mas-efectiva-de-reducir-la-temperatura-y-el-consumo-de-energia-en-su-ciudad\/"},"modified":"2020-06-03T15:52:56","modified_gmt":"2020-06-03T15:52:56","slug":"cual-es-la-forma-mas-efectiva-de-reducir-la-temperatura-y-el-consumo-de-energia-en-su-ciudad","status":"publish","type":"post","link":"https:\/\/thermacote.eu\/es\/cual-es-la-forma-mas-efectiva-de-reducir-la-temperatura-y-el-consumo-de-energia-en-su-ciudad\/","title":{"rendered":"\u00bfCu\u00e1l es la forma m\u00e1s efectiva de reducir la temperatura y el consumo de energ\u00eda en su ciudad?"},"content":{"rendered":"\t\t<div data-elementor-type=\"wp-post\" data-elementor-id=\"13745\" class=\"elementor elementor-13745 elementor-13722\" data-elementor-settings=\"[]\">\n\t\t\t\t\t\t<div class=\"elementor-inner\">\n\t\t\t\t\t\t\t<div class=\"elementor-section-wrap\">\n\t\t\t\t\t\t\t<section class=\"elementor-section elementor-top-section elementor-element elementor-element-154c1a74 elementor-section-boxed elementor-section-height-default elementor-section-height-default\" data-id=\"154c1a74\" data-element_type=\"section\">\n\t\t\t\t\t\t<div class=\"elementor-container elementor-column-gap-default\">\n\t\t\t\t\t\t\t<div class=\"elementor-row\">\n\t\t\t\t\t<div class=\"elementor-column elementor-col-100 elementor-top-column elementor-element elementor-element-704517ef\" data-id=\"704517ef\" data-element_type=\"column\">\n\t\t\t<div class=\"elementor-column-wrap elementor-element-populated\">\n\t\t\t\t\t\t\t<div class=\"elementor-widget-wrap\">\n\t\t\t\t\t\t<section class=\"elementor-section elementor-inner-section elementor-element elementor-element-1f48dd5c elementor-reverse-tablet elementor-reverse-mobile elementor-section-boxed elementor-section-height-default elementor-section-height-default\" data-id=\"1f48dd5c\" data-element_type=\"section\">\n\t\t\t\t\t\t<div class=\"elementor-container elementor-column-gap-default\">\n\t\t\t\t\t\t\t<div class=\"elementor-row\">\n\t\t\t\t\t<div class=\"elementor-column elementor-col-66 elementor-inner-column elementor-element elementor-element-255ce796\" data-id=\"255ce796\" data-element_type=\"column\">\n\t\t\t<div class=\"elementor-column-wrap elementor-element-populated\">\n\t\t\t\t\t\t\t<div class=\"elementor-widget-wrap\">\n\t\t\t\t\t\t<div class=\"elementor-element elementor-element-4830facf elementor-widget elementor-widget-heading\" data-id=\"4830facf\" data-element_type=\"widget\" data-widget_type=\"heading.default\">\n\t\t\t\t<div class=\"elementor-widget-container\">\n\t\t\t<h2 class=\"elementor-heading-title elementor-size-default\">\u00bfC\u00f3mo reduce ThermaCote\u00ae la temperatura y el consumo de energ\u00eda en su ciudad?<\/h2>\t\t<\/div>\n\t\t\t\t<\/div>\n\t\t\t\t<div class=\"elementor-element elementor-element-6001eee9 elementor-widget elementor-widget-text-editor\" data-id=\"6001eee9\" data-element_type=\"widget\" data-widget_type=\"text-editor.default\">\n\t\t\t\t<div class=\"elementor-widget-container\">\n\t\t\t\t\t<div class=\"elementor-text-editor elementor-clearfix\"><h3 class=\"ql-align-center\">ThermaCote\u00ae es un recubrimiento de barrera t\u00e9rmica.<\/h3>\n<\/div>\n\t\t\t\t<\/div>\n\t\t\t\t<\/div>\n\t\t\t\t<div class=\"elementor-element elementor-element-78d53ecf elementor-widget elementor-widget-text-editor\" data-id=\"78d53ecf\" data-element_type=\"widget\" data-widget_type=\"text-editor.default\">\n\t\t\t\t<div class=\"elementor-widget-container\">\n\t\t\t\t\t<div class=\"elementor-text-editor elementor-clearfix\"><p>El cambio clim\u00e1tico aumentar\u00e1 las olas de calor. Se espera que el cambio clim\u00e1tico genere un aumento en la frecuencia, intensidad y duraci\u00f3n de las olas de calor. El uso de energ\u00eda en las ciudades, as\u00ed como la energ\u00eda para iluminaci\u00f3n, calefacci\u00f3n o aire acondicionado, tambi\u00e9n puede aumentar el calor<\/p>\n<p>. El aumento de la urbanizaci\u00f3n aumentar\u00e1 el sobrecalentamiento. Las superficies urbanas, como edificios, carreteras y otras \u00e1reas pavimentadas, absorben y retienen el calor del sol (80% de la luz solar que los contacta).<\/p>\n<p>Todos estos factores pueden conducir a temperaturas del aire m\u00e1s altas en las ciudades (1\u00baC a 5\u00baC m\u00e1s que en las \u00e1reas circundantes), un efecto conocido como la isla de calor urbana y tendr\u00e1 efectos sobre la comodidad, la salud y las infraestructuras.<\/p>\n<\/div>\n\t\t\t\t<\/div>\n\t\t\t\t<\/div>\n\t\t\t\t\t\t<\/div>\n\t\t\t\t\t<\/div>\n\t\t<\/div>\n\t\t\t\t<div class=\"elementor-column elementor-col-33 elementor-inner-column elementor-element elementor-element-274bc6c3\" data-id=\"274bc6c3\" data-element_type=\"column\" data-settings=\"{&quot;background_background&quot;:&quot;classic&quot;}\">\n\t\t\t<div class=\"elementor-column-wrap elementor-element-populated\">\n\t\t\t\t\t\t\t<div class=\"elementor-widget-wrap\">\n\t\t\t\t\t\t<div class=\"elementor-element elementor-element-9f4b5d4 elementor-widget elementor-widget-image\" data-id=\"9f4b5d4\" data-element_type=\"widget\" data-widget_type=\"image.default\">\n\t\t\t\t<div class=\"elementor-widget-container\">\n\t\t\t\t\t<div class=\"elementor-image\">\n\t\t\t\t\t\t\t\t\t\t<img width=\"877\" height=\"1024\" src=\"https:\/\/thermacote.eu\/wp-content\/uploads\/2020\/06\/Capture-d\u2019e\u0301cran-2020-06-01-a\u0300-14.48.23-877x1024.png\" class=\"attachment-large size-large\" alt=\"\" loading=\"lazy\" srcset=\"https:\/\/thermacote.eu\/wp-content\/uploads\/2020\/06\/Capture-d\u2019e\u0301cran-2020-06-01-a\u0300-14.48.23-877x1024.png 877w, https:\/\/thermacote.eu\/wp-content\/uploads\/2020\/06\/Capture-d\u2019e\u0301cran-2020-06-01-a\u0300-14.48.23-257x300.png 257w, https:\/\/thermacote.eu\/wp-content\/uploads\/2020\/06\/Capture-d\u2019e\u0301cran-2020-06-01-a\u0300-14.48.23-768x897.png 768w, https:\/\/thermacote.eu\/wp-content\/uploads\/2020\/06\/Capture-d\u2019e\u0301cran-2020-06-01-a\u0300-14.48.23.png 892w\" sizes=\"(max-width: 877px) 100vw, 877px\" \/>\t\t\t\t\t\t\t\t\t\t\t<\/div>\n\t\t\t\t<\/div>\n\t\t\t\t<\/div>\n\t\t\t\t<div class=\"elementor-element elementor-element-dbf331b elementor-widget elementor-widget-spacer\" data-id=\"dbf331b\" data-element_type=\"widget\" data-widget_type=\"spacer.default\">\n\t\t\t\t<div class=\"elementor-widget-container\">\n\t\t\t\t\t<div class=\"elementor-spacer\">\n\t\t\t<div class=\"elementor-spacer-inner\"><\/div>\n\t\t<\/div>\n\t\t\t\t<\/div>\n\t\t\t\t<\/div>\n\t\t\t\t\t\t<\/div>\n\t\t\t\t\t<\/div>\n\t\t<\/div>\n\t\t\t\t\t\t\t\t<\/div>\n\t\t\t\t\t<\/div>\n\t\t<\/section>\n\t\t\t\t<section class=\"elementor-section elementor-inner-section elementor-element elementor-element-6666d42c elementor-section-boxed elementor-section-height-default elementor-section-height-default\" data-id=\"6666d42c\" data-element_type=\"section\">\n\t\t\t\t\t\t<div class=\"elementor-container elementor-column-gap-default\">\n\t\t\t\t\t\t\t<div class=\"elementor-row\">\n\t\t\t\t\t<div class=\"elementor-column elementor-col-100 elementor-inner-column elementor-element elementor-element-54408441\" data-id=\"54408441\" data-element_type=\"column\">\n\t\t\t<div class=\"elementor-column-wrap elementor-element-populated\">\n\t\t\t\t\t\t\t<div class=\"elementor-widget-wrap\">\n\t\t\t\t\t\t<div class=\"elementor-element elementor-element-204d4e1b elementor-widget elementor-widget-heading\" data-id=\"204d4e1b\" data-element_type=\"widget\" data-widget_type=\"heading.default\">\n\t\t\t\t<div class=\"elementor-widget-container\">\n\t\t\t<h2 class=\"elementor-heading-title elementor-size-default\">Si desea reducir la temperatura\ny el consumo de energ\u00eda en su ciudad,\ndeber\u00eda considerar seriamente\naplicar ThermaCote\u00ae en sus tejados,\nfachadas y pavimentos.<\/h2>\t\t<\/div>\n\t\t\t\t<\/div>\n\t\t\t\t<div class=\"elementor-element elementor-element-65cc8d6a elementor-widget elementor-widget-text-editor\" data-id=\"65cc8d6a\" data-element_type=\"widget\" data-widget_type=\"text-editor.default\">\n\t\t\t\t<div class=\"elementor-widget-container\">\n\t\t\t\t\t<div class=\"elementor-text-editor elementor-clearfix\"><p>ThermaCote\u00ae es un material que recubre una superficie para proporcionar un acabado duradero de bajo mantenimiento, que tambi\u00e9n refleja las longitudes de onda visibles, infrarrojas y ultravioletas del sol (reflectancia solar), reduce el calor de la superficie (conductividad t\u00e9rmica) e irradia el calor absorbido, es decir, energ\u00eda solar no reflejada (Emitancia).<\/p>\n<p>ThermaCote\u00ae se puede aplicar en tejados, fachadas y pavimentos, lo que reduce las temperaturas en las zonas urbanas y salva vidas durante las olas de calor, combatiendo el efecto de isla de calor urbano.<\/p>\n<p>Durante las olas de calor, estudios sugirieron que los tejados fr\u00edos podr\u00edan reducir la temperatura del aire durante el d\u00eda en el centro de la ciudad hasta 3 grados. Tambi\u00e9n ThermaCote act\u00faa como una barrera clim\u00e1tica, reduciendo el tiempo de funcionamiento de los aires acondicionados y calefacciones, proporcionando ahorros de energ\u00eda, bajando el calor en los alrededores, reduciendo la contaminaci\u00f3n del aire y mejorando su comodidad. Finalmente, ThermaCote\u00ae extiende la vida \u00fatil de tejados, fachadas y pavimentos.<\/p>\n<\/div>\n\t\t\t\t<\/div>\n\t\t\t\t<\/div>\n\t\t\t\t\t\t<\/div>\n\t\t\t\t\t<\/div>\n\t\t<\/div>\n\t\t\t\t\t\t\t\t<\/div>\n\t\t\t\t\t<\/div>\n\t\t<\/section>\n\t\t\t\t<section class=\"elementor-section elementor-inner-section elementor-element elementor-element-1f895013 elementor-section-boxed elementor-section-height-default elementor-section-height-default\" data-id=\"1f895013\" data-element_type=\"section\">\n\t\t\t\t\t\t<div class=\"elementor-container elementor-column-gap-default\">\n\t\t\t\t\t\t\t<div class=\"elementor-row\">\n\t\t\t\t\t<div class=\"elementor-column elementor-col-50 elementor-inner-column elementor-element elementor-element-446f59b3\" data-id=\"446f59b3\" data-element_type=\"column\" data-settings=\"{&quot;background_background&quot;:&quot;classic&quot;}\">\n\t\t\t<div class=\"elementor-column-wrap elementor-element-populated\">\n\t\t\t\t\t\t\t<div class=\"elementor-widget-wrap\">\n\t\t\t\t\t\t<div class=\"elementor-element elementor-element-636624e3 elementor-widget elementor-widget-image\" data-id=\"636624e3\" data-element_type=\"widget\" data-widget_type=\"image.default\">\n\t\t\t\t<div class=\"elementor-widget-container\">\n\t\t\t\t\t<div class=\"elementor-image\">\n\t\t\t\t\t\t\t\t\t\t<img width=\"721\" height=\"387\" src=\"https:\/\/thermacote.eu\/wp-content\/uploads\/2019\/12\/article1_image3_1563096302987.png\" class=\"attachment-large size-large\" alt=\"\" loading=\"lazy\" srcset=\"https:\/\/thermacote.eu\/wp-content\/uploads\/2019\/12\/article1_image3_1563096302987.png 721w, https:\/\/thermacote.eu\/wp-content\/uploads\/2019\/12\/article1_image3_1563096302987-300x161.png 300w\" sizes=\"(max-width: 721px) 100vw, 721px\" \/>\t\t\t\t\t\t\t\t\t\t\t<\/div>\n\t\t\t\t<\/div>\n\t\t\t\t<\/div>\n\t\t\t\t\t\t<\/div>\n\t\t\t\t\t<\/div>\n\t\t<\/div>\n\t\t\t\t<div class=\"elementor-column elementor-col-50 elementor-inner-column elementor-element elementor-element-7315dcb6\" data-id=\"7315dcb6\" data-element_type=\"column\">\n\t\t\t<div class=\"elementor-column-wrap elementor-element-populated\">\n\t\t\t\t\t\t\t<div class=\"elementor-widget-wrap\">\n\t\t\t\t\t\t<div class=\"elementor-element elementor-element-5dc0a1a5 elementor-widget elementor-widget-heading\" data-id=\"5dc0a1a5\" data-element_type=\"widget\" data-widget_type=\"heading.default\">\n\t\t\t\t<div class=\"elementor-widget-container\">\n\t\t\t<h2 class=\"elementor-heading-title elementor-size-default\">M\u00e1s ventajas de ThermaCote :\n<\/h2>\t\t<\/div>\n\t\t\t\t<\/div>\n\t\t\t\t<div class=\"elementor-element elementor-element-16f76878 elementor-icon-list--layout-traditional elementor-list-item-link-full_width elementor-widget elementor-widget-icon-list\" data-id=\"16f76878\" data-element_type=\"widget\" data-widget_type=\"icon-list.default\">\n\t\t\t\t<div class=\"elementor-widget-container\">\n\t\t\t\t\t<ul class=\"elementor-icon-list-items\">\n\t\t\t\t\t\t\t<li class=\"elementor-icon-list-item\">\n\t\t\t\t\t\t\t\t\t\t\t<span class=\"elementor-icon-list-icon\">\n\t\t\t\t\t\t\t<i aria-hidden=\"true\" class=\"fas fa-check\"><\/i>\t\t\t\t\t\t<\/span>\n\t\t\t\t\t\t\t\t\t\t<span class=\"elementor-icon-list-text\">Aislamiento t\u00e9rmico<\/span>\n\t\t\t\t\t\t\t\t\t<\/li>\n\t\t\t\t\t\t\t\t<li class=\"elementor-icon-list-item\">\n\t\t\t\t\t\t\t\t\t\t\t<span class=\"elementor-icon-list-icon\">\n\t\t\t\t\t\t\t<i aria-hidden=\"true\" class=\"fas fa-check\"><\/i>\t\t\t\t\t\t<\/span>\n\t\t\t\t\t\t\t\t\t\t<span class=\"elementor-icon-list-text\">Ahorro de hasta un 40% de energ\u00eda<\/span>\n\t\t\t\t\t\t\t\t\t<\/li>\n\t\t\t\t\t\t\t\t<li class=\"elementor-icon-list-item\">\n\t\t\t\t\t\t\t\t\t\t\t<span class=\"elementor-icon-list-icon\">\n\t\t\t\t\t\t\t<i aria-hidden=\"true\" class=\"fas fa-check\"><\/i>\t\t\t\t\t\t<\/span>\n\t\t\t\t\t\t\t\t\t\t<span class=\"elementor-icon-list-text\">Reducci\u00f3n de los costes de mantenimiento<\/span>\n\t\t\t\t\t\t\t\t\t<\/li>\n\t\t\t\t\t\t\t\t<li class=\"elementor-icon-list-item\">\n\t\t\t\t\t\t\t\t\t\t\t<span class=\"elementor-icon-list-icon\">\n\t\t\t\t\t\t\t<i aria-hidden=\"true\" class=\"fas fa-check\"><\/i>\t\t\t\t\t\t<\/span>\n\t\t\t\t\t\t\t\t\t\t<span class=\"elementor-icon-list-text\">Anti-corrosi\u00f3n<\/span>\n\t\t\t\t\t\t\t\t\t<\/li>\n\t\t\t\t\t\t\t\t<li class=\"elementor-icon-list-item\">\n\t\t\t\t\t\t\t\t\t\t\t<span class=\"elementor-icon-list-icon\">\n\t\t\t\t\t\t\t<i aria-hidden=\"true\" class=\"fas fa-check\"><\/i>\t\t\t\t\t\t<\/span>\n\t\t\t\t\t\t\t\t\t\t<span class=\"elementor-icon-list-text\">Anticondensaci\u00f3n<\/span>\n\t\t\t\t\t\t\t\t\t<\/li>\n\t\t\t\t\t\t\t\t<li class=\"elementor-icon-list-item\">\n\t\t\t\t\t\t\t\t\t\t\t<span class=\"elementor-icon-list-icon\">\n\t\t\t\t\t\t\t<i aria-hidden=\"true\" class=\"fas fa-check\"><\/i>\t\t\t\t\t\t<\/span>\n\t\t\t\t\t\t\t\t\t\t<span class=\"elementor-icon-list-text\">Aplicaci\u00f3n r\u00e1pida<\/span>\n\t\t\t\t\t\t\t\t\t<\/li>\n\t\t\t\t\t\t\t\t<li class=\"elementor-icon-list-item\">\n\t\t\t\t\t\t\t\t\t\t\t<span class=\"elementor-icon-list-icon\">\n\t\t\t\t\t\t\t<i aria-hidden=\"true\" class=\"fas fa-check\"><\/i>\t\t\t\t\t\t<\/span>\n\t\t\t\t\t\t\t\t\t\t<span class=\"elementor-icon-list-text\">Durable y de calidad<\/span>\n\t\t\t\t\t\t\t\t\t<\/li>\n\t\t\t\t\t\t\t\t<li class=\"elementor-icon-list-item\">\n\t\t\t\t\t\t\t\t\t\t\t<span class=\"elementor-icon-list-icon\">\n\t\t\t\t\t\t\t<i aria-hidden=\"true\" class=\"fas fa-check\"><\/i>\t\t\t\t\t\t<\/span>\n\t\t\t\t\t\t\t\t\t\t<span class=\"elementor-icon-list-text\">Todo tipo de techos<\/span>\n\t\t\t\t\t\t\t\t\t<\/li>\n\t\t\t\t\t\t\t\t<li class=\"elementor-icon-list-item\">\n\t\t\t\t\t\t\t\t\t\t\t<span class=\"elementor-icon-list-icon\">\n\t\t\t\t\t\t\t<i aria-hidden=\"true\" class=\"fas fa-check\"><\/i>\t\t\t\t\t\t<\/span>\n\t\t\t\t\t\t\t\t\t\t<span class=\"elementor-icon-list-text\">Aumenta la eficiencia de la energ\u00eda solar fotovoltaica<\/span>\n\t\t\t\t\t\t\t\t\t<\/li>\n\t\t\t\t\t\t<\/ul>\n\t\t\t\t<\/div>\n\t\t\t\t<\/div>\n\t\t\t\t\t\t<\/div>\n\t\t\t\t\t<\/div>\n\t\t<\/div>\n\t\t\t\t\t\t\t\t<\/div>\n\t\t\t\t\t<\/div>\n\t\t<\/section>\n\t\t\t\t\t\t<\/div>\n\t\t\t\t\t<\/div>\n\t\t<\/div>\n\t\t\t\t\t\t\t\t<\/div>\n\t\t\t\t\t<\/div>\n\t\t<\/section>\n\t\t\t\t\t\t<\/div>\n\t\t\t\t\t\t<\/div>\n\t\t\t\t\t<\/div>\n\t\t","protected":false},"excerpt":{"rendered":"<p>ThermaCote reduce el calor urbano, al mismo tiempo que ahorra energ\u00eda y aumenta su comodidad.<\/p>\n","protected":false},"author":1,"featured_media":13732,"comment_status":"closed","ping_status":"open","sticky":false,"template":"","format":"standard","meta":[],"categories":[16],"tags":[],"application-type":[],"yoast_head":"<!-- This site is optimized with the Yoast SEO plugin v15.9.1 - https:\/\/yoast.com\/wordpress\/plugins\/seo\/ -->\n<title>\u00bfCu\u00e1l es la forma m\u00e1s efectiva de reducir la temperatura y el consumo de energ\u00eda en su ciudad? | ThermaCote Europe<\/title>\n<link rel=\"canonical\" href=\"https:\/\/thermacote.eu\/es\/cual-es-la-forma-mas-efectiva-de-reducir-la-temperatura-y-el-consumo-de-energia-en-su-ciudad\/\" \/>\n<meta property=\"og:locale\" content=\"es_ES\" \/>\n<meta property=\"og:type\" content=\"article\" \/>\n<meta property=\"og:title\" content=\"\u00bfCu\u00e1l es la forma m\u00e1s efectiva de reducir la temperatura y el consumo de energ\u00eda en su ciudad? | ThermaCote Europe\" \/>\n<meta property=\"og:description\" content=\"ThermaCote reduce el calor urbano, al mismo tiempo que ahorra energ\u00eda y aumenta su comodidad.\" \/>\n<meta property=\"og:url\" content=\"https:\/\/thermacote.eu\/es\/cual-es-la-forma-mas-efectiva-de-reducir-la-temperatura-y-el-consumo-de-energia-en-su-ciudad\/\" \/>\n<meta property=\"og:site_name\" content=\"ThermaCote Europe\" \/>\n<meta property=\"article:publisher\" content=\"https:\/\/www.facebook.com\/ThermaCote.Europe\/?ref=br_rs\" \/>\n<meta property=\"article:published_time\" content=\"2020-06-03T15:52:51+00:00\" \/>\n<meta property=\"article:modified_time\" content=\"2020-06-03T15:52:56+00:00\" \/>\n<meta property=\"og:image\" content=\"https:\/\/thermacote.eu\/wp-content\/uploads\/2020\/06\/Capture-d\u2019e\u0301cran-2020-06-01-a\u0300-14.48.11-1024x682.png\" \/>\n\t<meta property=\"og:image:width\" content=\"1024\" \/>\n\t<meta property=\"og:image:height\" content=\"682\" \/>\n<meta name=\"twitter:card\" content=\"summary_large_image\" \/>\n<meta name=\"twitter:creator\" content=\"@thermacotefr\" \/>\n<meta name=\"twitter:site\" content=\"@thermacotefr\" \/>\n<meta name=\"twitter:label1\" content=\"Tiempo de lectura\">\n\t<meta name=\"twitter:data1\" content=\"2 minutos\">\n<script type=\"application\/ld+json\" class=\"yoast-schema-graph\">{\"@context\":\"https:\/\/schema.org\",\"@graph\":[{\"@type\":\"Organization\",\"@id\":\"https:\/\/thermacote.eu\/#organization\",\"name\":\"ThermaCote Europe\",\"url\":\"https:\/\/thermacote.eu\/\",\"sameAs\":[\"https:\/\/www.facebook.com\/ThermaCote.Europe\/?ref=br_rs\",\"https:\/\/www.linkedin.com\/company\/thermacote-europe\/\",\"https:\/\/twitter.com\/thermacotefr\"],\"logo\":{\"@type\":\"ImageObject\",\"@id\":\"https:\/\/thermacote.eu\/#logo\",\"inLanguage\":\"es\",\"url\":\"https:\/\/thermacote.eu\/wp-content\/uploads\/2019\/11\/logo-full.png\",\"width\":1535,\"height\":242,\"caption\":\"ThermaCote Europe\"},\"image\":{\"@id\":\"https:\/\/thermacote.eu\/#logo\"}},{\"@type\":\"WebSite\",\"@id\":\"https:\/\/thermacote.eu\/#website\",\"url\":\"https:\/\/thermacote.eu\/\",\"name\":\"ThermaCote Europe\",\"description\":\"ThermaCote Europe\",\"publisher\":{\"@id\":\"https:\/\/thermacote.eu\/#organization\"},\"potentialAction\":[{\"@type\":\"SearchAction\",\"target\":\"https:\/\/thermacote.eu\/?s={search_term_string}\",\"query-input\":\"required name=search_term_string\"}],\"inLanguage\":\"es\"},{\"@type\":\"ImageObject\",\"@id\":\"https:\/\/thermacote.eu\/es\/cual-es-la-forma-mas-efectiva-de-reducir-la-temperatura-y-el-consumo-de-energia-en-su-ciudad\/#primaryimage\",\"inLanguage\":\"es\",\"url\":\"https:\/\/thermacote.eu\/wp-content\/uploads\/2020\/06\/Capture-d\\u2019e\\u0301cran-2020-06-01-a\\u0300-14.48.11.png\",\"width\":1978,\"height\":1318},{\"@type\":\"WebPage\",\"@id\":\"https:\/\/thermacote.eu\/es\/cual-es-la-forma-mas-efectiva-de-reducir-la-temperatura-y-el-consumo-de-energia-en-su-ciudad\/#webpage\",\"url\":\"https:\/\/thermacote.eu\/es\/cual-es-la-forma-mas-efectiva-de-reducir-la-temperatura-y-el-consumo-de-energia-en-su-ciudad\/\",\"name\":\"\\u00bfCu\\u00e1l es la forma m\\u00e1s efectiva de reducir la temperatura y el consumo de energ\\u00eda en su ciudad? | ThermaCote Europe\",\"isPartOf\":{\"@id\":\"https:\/\/thermacote.eu\/#website\"},\"primaryImageOfPage\":{\"@id\":\"https:\/\/thermacote.eu\/es\/cual-es-la-forma-mas-efectiva-de-reducir-la-temperatura-y-el-consumo-de-energia-en-su-ciudad\/#primaryimage\"},\"datePublished\":\"2020-06-03T15:52:51+00:00\",\"dateModified\":\"2020-06-03T15:52:56+00:00\",\"breadcrumb\":{\"@id\":\"https:\/\/thermacote.eu\/es\/cual-es-la-forma-mas-efectiva-de-reducir-la-temperatura-y-el-consumo-de-energia-en-su-ciudad\/#breadcrumb\"},\"inLanguage\":\"es\",\"potentialAction\":[{\"@type\":\"ReadAction\",\"target\":[\"https:\/\/thermacote.eu\/es\/cual-es-la-forma-mas-efectiva-de-reducir-la-temperatura-y-el-consumo-de-energia-en-su-ciudad\/\"]}]},{\"@type\":\"BreadcrumbList\",\"@id\":\"https:\/\/thermacote.eu\/es\/cual-es-la-forma-mas-efectiva-de-reducir-la-temperatura-y-el-consumo-de-energia-en-su-ciudad\/#breadcrumb\",\"itemListElement\":[{\"@type\":\"ListItem\",\"position\":1,\"item\":{\"@type\":\"WebPage\",\"@id\":\"https:\/\/thermacote.eu\/es\/\",\"url\":\"https:\/\/thermacote.eu\/es\/\",\"name\":\"Home\"}},{\"@type\":\"ListItem\",\"position\":2,\"item\":{\"@type\":\"WebPage\",\"@id\":\"https:\/\/thermacote.eu\/es\/cual-es-la-forma-mas-efectiva-de-reducir-la-temperatura-y-el-consumo-de-energia-en-su-ciudad\/\",\"url\":\"https:\/\/thermacote.eu\/es\/cual-es-la-forma-mas-efectiva-de-reducir-la-temperatura-y-el-consumo-de-energia-en-su-ciudad\/\",\"name\":\"\\u00bfCu\\u00e1l es la forma m\\u00e1s efectiva de reducir la temperatura y el consumo de energ\\u00eda en su ciudad?\"}}]},{\"@type\":\"Article\",\"@id\":\"https:\/\/thermacote.eu\/es\/cual-es-la-forma-mas-efectiva-de-reducir-la-temperatura-y-el-consumo-de-energia-en-su-ciudad\/#article\",\"isPartOf\":{\"@id\":\"https:\/\/thermacote.eu\/es\/cual-es-la-forma-mas-efectiva-de-reducir-la-temperatura-y-el-consumo-de-energia-en-su-ciudad\/#webpage\"},\"author\":{\"@id\":\"https:\/\/thermacote.eu\/#\/schema\/person\/461a71eefa07402d3dfcb9c03969b01c\"},\"headline\":\"\\u00bfCu\\u00e1l es la forma m\\u00e1s efectiva de reducir la temperatura y el consumo de energ\\u00eda en su ciudad?\",\"datePublished\":\"2020-06-03T15:52:51+00:00\",\"dateModified\":\"2020-06-03T15:52:56+00:00\",\"mainEntityOfPage\":{\"@id\":\"https:\/\/thermacote.eu\/es\/cual-es-la-forma-mas-efectiva-de-reducir-la-temperatura-y-el-consumo-de-energia-en-su-ciudad\/#webpage\"},\"publisher\":{\"@id\":\"https:\/\/thermacote.eu\/#organization\"},\"image\":{\"@id\":\"https:\/\/thermacote.eu\/es\/cual-es-la-forma-mas-efectiva-de-reducir-la-temperatura-y-el-consumo-de-energia-en-su-ciudad\/#primaryimage\"},\"articleSection\":\"Sin categorizar\",\"inLanguage\":\"es\"},{\"@type\":\"Person\",\"@id\":\"https:\/\/thermacote.eu\/#\/schema\/person\/461a71eefa07402d3dfcb9c03969b01c\",\"name\":\"KTYFMa8wZb\",\"image\":{\"@type\":\"ImageObject\",\"@id\":\"https:\/\/thermacote.eu\/#personlogo\",\"inLanguage\":\"es\",\"url\":\"https:\/\/secure.gravatar.com\/avatar\/5e1cd1b660adac9e79e652a75f91216c?s=96&d=mm&r=g\",\"caption\":\"KTYFMa8wZb\"}}]}<\/script>\n<!-- \/ Yoast SEO plugin. -->","toolset-meta":{"field-group-for-posts":[]},"meta_box":[],"_links":{"self":[{"href":"https:\/\/thermacote.eu\/es\/wp-json\/wp\/v2\/posts\/13745"}],"collection":[{"href":"https:\/\/thermacote.eu\/es\/wp-json\/wp\/v2\/posts"}],"about":[{"href":"https:\/\/thermacote.eu\/es\/wp-json\/wp\/v2\/types\/post"}],"author":[{"embeddable":true,"href":"https:\/\/thermacote.eu\/es\/wp-json\/wp\/v2\/users\/1"}],"replies":[{"embeddable":true,"href":"https:\/\/thermacote.eu\/es\/wp-json\/wp\/v2\/comments?post=13745"}],"version-history":[{"count":0,"href":"https:\/\/thermacote.eu\/es\/wp-json\/wp\/v2\/posts\/13745\/revisions"}],"wp:featuredmedia":[{"embeddable":true,"href":"https:\/\/thermacote.eu\/es\/wp-json\/wp\/v2\/media\/13732"}],"wp:attachment":[{"href":"https:\/\/thermacote.eu\/es\/wp-json\/wp\/v2\/media?parent=13745"}],"wp:term":[{"taxonomy":"category","embeddable":true,"href":"https:\/\/thermacote.eu\/es\/wp-json\/wp\/v2\/categories?post=13745"},{"taxonomy":"post_tag","embeddable":true,"href":"https:\/\/thermacote.eu\/es\/wp-json\/wp\/v2\/tags?post=13745"},{"taxonomy":"application-type","embeddable":true,"href":"https:\/\/thermacote.eu\/es\/wp-json\/wp\/v2\/application-type?post=13745"}],"curies":[{"name":"wp","href":"https:\/\/api.w.org\/{rel}","templated":true}]}}